{"id":62,"date":"2018-01-09T06:32:33","date_gmt":"2018-01-09T06:32:33","guid":{"rendered":"http:\/\/www.joergschuerpf.ch\/?p=62"},"modified":"2018-01-10T14:30:00","modified_gmt":"2018-01-10T13:30:00","slug":"the-fascial-system","status":"publish","type":"post","link":"https:\/\/www.joergschuerpf.ch\/en\/the-fascial-system\/","title":{"rendered":"The fascial system"},"content":{"rendered":"<h2>Functional units and balance<\/h2>\n<p>Every structure in the body is surrounded and enveloped by fascia, also known as connective tissue. Fascia fulfills the role of stabilizing and keeping the body in shape and supple.<\/p>\n<p>Fascias transmit, coordinate, harmonize, distribute and regulate all the tensions and pressures in the body. Shock and trauma, accidents, scars, habits, inflammations and other dysfunctions can lead to adhesions within the tissues. We can often feel these adhesions as tensions, aches and pains or as lack of adaptation in our fruitless fight against gravity. Reciprocal tension gives us the possibility to contact the fascial system very deeply, either through pressure or traction. As soon as our tissue structures regain their capacity to glide freely, we feel much lighter and naturally hold ourselves upright. We can start using gravity to our advantage instead of fighting it. We become more flexible and more vital. Working with the fascia also implies that we mobilize and vitalize scar tissue, which represents a primary lesion of this highly sensitive connective tissue network.<\/p>\n","protected":false},"excerpt":{"rendered":"<p>Functional units and balance Every structure in the body is surrounded and enveloped by fascia, also known as connective tissue. Fascia fulfills the role of stabilizing and keeping the body in shape and supple. Fascias transmit, coordinate, harmonize, distribute and regulate all the tensions and pressures in the body. Shock and trauma, accidents, scars, habits,&hellip;<\/p>\n","protected":false},"author":1,"featured_media":324,"comment_status":"closed","ping_status":"closed","sticky":false,"template":"","format":"standard","meta":{"_monsterinsights_skip_tracking":false,"_monsterinsights_sitenote_active":false,"_monsterinsights_sitenote_note":"","_monsterinsights_sitenote_category":0,"footnotes":""},"categories":[3],"tags":[],"class_list":["post-62","post","type-post","status-publish","format-standard","has-post-thumbnail","hentry","category-shen-shiatsu","category-3","description-off"],"yoast_head":"<!-- This site is optimized with the Yoast SEO Premium plugin v17.2 (Yoast SEO v17.2.1) - https:\/\/yoast.com\/wordpress\/plugins\/seo\/ -->\n<title>The fascial system &ndash; J\u00d6RG SCH\u00dcRPF<\/title>\n<meta name=\"robots\" content=\"index, follow, max-snippet:-1, max-image-preview:large, max-video-preview:-1\" \/>\n<link rel=\"canonical\" href=\"https:\/\/www.joergschuerpf.ch\/en\/the-fascial-system\/\" \/>\n<meta property=\"og:locale\" content=\"en_US\" \/>\n<meta property=\"og:type\" content=\"article\" \/>\n<meta property=\"og:title\" content=\"The fascial system\" \/>\n<meta property=\"og:description\" content=\"Functional units and balance Every structure in the body is surrounded and enveloped by fascia, also known as connective tissue. Fascia fulfills the role of stabilizing and keeping the body in shape and supple. Fascias transmit, coordinate, harmonize, distribute and regulate all the tensions and pressures in the body. Shock and trauma, accidents, scars, habits,&hellip;\" \/>\n<meta property=\"og:url\" content=\"https:\/\/www.joergschuerpf.ch\/en\/the-fascial-system\/\" \/>\n<meta property=\"og:site_name\" content=\"J\u00d6RG SCH\u00dcRPF\" \/>\n<meta property=\"article:published_time\" content=\"2018-01-09T06:32:33+00:00\" \/>\n<meta property=\"article:modified_time\" content=\"2018-01-10T13:30:00+00:00\" \/>\n<meta property=\"og:image\" content=\"https:\/\/www.joergschuerpf.ch\/wp-content\/uploads\/2018\/01\/MG_2624.jpg\" \/>\n\t<meta property=\"og:image:width\" content=\"800\" \/>\n\t<meta property=\"og:image:height\" content=\"533\" \/>\n<meta name=\"twitter:card\" content=\"summary_large_image\" \/>\n<meta name=\"twitter:label1\" content=\"Written by\" \/>\n\t<meta name=\"twitter:data1\" content=\"nrmncl\" \/>\n\t<meta name=\"twitter:label2\" content=\"Est. reading time\" \/>\n\t<meta name=\"twitter:data2\" content=\"1 minute\" \/>\n<script type=\"application\/ld+json\" class=\"yoast-schema-graph\">{\"@context\":\"https:\/\/schema.org\",\"@graph\":[{\"@type\":[\"Organization\",\"Place\"],\"@id\":\"https:\/\/www.joergschuerpf.ch\/#organization\",\"name\":\"J\\u00f6rg Sch\\u00fcrpf - Strukturelle Integration - Rolfing\\u00ae Shen Shiatsu\\u00ae Osteopathie\",\"url\":\"https:\/\/www.joergschuerpf.ch\/\",\"sameAs\":[],\"logo\":{\"@id\":\"https:\/\/www.joergschuerpf.ch\/en\/the-fascial-system\/#local-main-organization-logo\"},\"image\":{\"@id\":\"https:\/\/www.joergschuerpf.ch\/en\/the-fascial-system\/#local-main-organization-logo\"},\"openingHoursSpecification\":[{\"@type\":\"OpeningHoursSpecification\",\"dayOfWeek\":[\"Monday\",\"Tuesday\",\"Wednesday\",\"Thursday\",\"Friday\",\"Saturday\",\"Sunday\"],\"opens\":\"09:00\",\"closes\":\"17:00\"}]},{\"@type\":\"WebSite\",\"@id\":\"https:\/\/www.joergschuerpf.ch\/#website\",\"url\":\"https:\/\/www.joergschuerpf.ch\/\",\"name\":\"J\\u00d6RG SCH\\u00dcRPF\",\"description\":\"J\\u00d6RG SCH\\u00dcRPF\",\"publisher\":{\"@id\":\"https:\/\/www.joergschuerpf.ch\/#organization\"},\"potentialAction\":[{\"@type\":\"SearchAction\",\"target\":{\"@type\":\"EntryPoint\",\"urlTemplate\":\"https:\/\/www.joergschuerpf.ch\/?s={search_term_string}\"},\"query-input\":\"required name=search_term_string\"}],\"inLanguage\":\"en-US\"},{\"@type\":\"ImageObject\",\"@id\":\"https:\/\/www.joergschuerpf.ch\/en\/the-fascial-system\/#primaryimage\",\"inLanguage\":\"en-US\",\"url\":\"https:\/\/www.joergschuerpf.ch\/wp-content\/uploads\/2018\/01\/MG_2624.jpg\",\"contentUrl\":\"https:\/\/www.joergschuerpf.ch\/wp-content\/uploads\/2018\/01\/MG_2624.jpg\",\"width\":800,\"height\":533},{\"@type\":\"WebPage\",\"@id\":\"https:\/\/www.joergschuerpf.ch\/en\/the-fascial-system\/#webpage\",\"url\":\"https:\/\/www.joergschuerpf.ch\/en\/the-fascial-system\/\",\"name\":\"The fascial system &ndash; J\\u00d6RG SCH\\u00dcRPF\",\"isPartOf\":{\"@id\":\"https:\/\/www.joergschuerpf.ch\/#website\"},\"primaryImageOfPage\":{\"@id\":\"https:\/\/www.joergschuerpf.ch\/en\/the-fascial-system\/#primaryimage\"},\"datePublished\":\"2018-01-09T06:32:33+00:00\",\"dateModified\":\"2018-01-10T13:30:00+00:00\",\"breadcrumb\":{\"@id\":\"https:\/\/www.joergschuerpf.ch\/en\/the-fascial-system\/#breadcrumb\"},\"inLanguage\":\"en-US\",\"potentialAction\":[{\"@type\":\"ReadAction\",\"target\":[\"https:\/\/www.joergschuerpf.ch\/en\/the-fascial-system\/\"]}]},{\"@type\":\"BreadcrumbList\",\"@id\":\"https:\/\/www.joergschuerpf.ch\/en\/the-fascial-system\/#breadcrumb\",\"itemListElement\":[{\"@type\":\"ListItem\",\"position\":1,\"name\":\"Home\",\"item\":\"https:\/\/www.joergschuerpf.ch\/\"},{\"@type\":\"ListItem\",\"position\":2,\"name\":\"The fascial system\"}]},{\"@type\":\"Article\",\"@id\":\"https:\/\/www.joergschuerpf.ch\/en\/the-fascial-system\/#article\",\"isPartOf\":{\"@id\":\"https:\/\/www.joergschuerpf.ch\/en\/the-fascial-system\/#webpage\"},\"author\":{\"@id\":\"https:\/\/www.joergschuerpf.ch\/#\/schema\/person\/42f0450cf9984bc4bcab1efee200f497\"},\"headline\":\"The fascial system\",\"datePublished\":\"2018-01-09T06:32:33+00:00\",\"dateModified\":\"2018-01-10T13:30:00+00:00\",\"mainEntityOfPage\":{\"@id\":\"https:\/\/www.joergschuerpf.ch\/en\/the-fascial-system\/#webpage\"},\"wordCount\":174,\"publisher\":{\"@id\":\"https:\/\/www.joergschuerpf.ch\/#organization\"},\"image\":{\"@id\":\"https:\/\/www.joergschuerpf.ch\/en\/the-fascial-system\/#primaryimage\"},\"thumbnailUrl\":\"https:\/\/www.joergschuerpf.ch\/wp-content\/uploads\/2018\/01\/MG_2624.jpg\",\"articleSection\":[\"Shen Shiatsu\"],\"inLanguage\":\"en-US\"},{\"@type\":\"Person\",\"@id\":\"https:\/\/www.joergschuerpf.ch\/#\/schema\/person\/42f0450cf9984bc4bcab1efee200f497\",\"name\":\"nrmncl\",\"image\":{\"@type\":\"ImageObject\",\"@id\":\"https:\/\/www.joergschuerpf.ch\/#personlogo\",\"inLanguage\":\"en-US\",\"url\":\"https:\/\/www.joergschuerpf.ch\/wp-content\/litespeed\/avatar\/9a731f5d777e48e3fe627b6cbe72a507.jpg?ver=1776745417\",\"contentUrl\":\"https:\/\/www.joergschuerpf.ch\/wp-content\/litespeed\/avatar\/9a731f5d777e48e3fe627b6cbe72a507.jpg?ver=1776745417\",\"caption\":\"nrmncl\"}},{\"@type\":\"ImageObject\",\"@id\":\"https:\/\/www.joergschuerpf.ch\/en\/the-fascial-system\/#local-main-organization-logo\",\"inLanguage\":\"en-US\",\"url\":\"https:\/\/www.joergschuerpf.ch\/wp-content\/uploads\/2018\/01\/shenshiatsu-1.jpg\",\"contentUrl\":\"https:\/\/www.joergschuerpf.ch\/wp-content\/uploads\/2018\/01\/shenshiatsu-1.jpg\",\"width\":1200,\"height\":400,\"caption\":\"J\\u00f6rg Sch\\u00fcrpf - Strukturelle Integration - Rolfing\\u00ae Shen Shiatsu\\u00ae Osteopathie\"}]}<\/script>\n<!-- \/ Yoast SEO Premium plugin. -->","yoast_head_json":{"title":"The fascial system &ndash; J\u00d6RG SCH\u00dcRPF","robots":{"index":"index","follow":"follow","max-snippet":"max-snippet:-1","max-image-preview":"max-image-preview:large","max-video-preview":"max-video-preview:-1"},"canonical":"https:\/\/www.joergschuerpf.ch\/en\/the-fascial-system\/","og_locale":"en_US","og_type":"article","og_title":"The fascial system","og_description":"Functional units and balance Every structure in the body is surrounded and enveloped by fascia, also known as connective tissue. Fascia fulfills the role of stabilizing and keeping the body in shape and supple. Fascias transmit, coordinate, harmonize, distribute and regulate all the tensions and pressures in the body. Shock and trauma, accidents, scars, habits,&hellip;","og_url":"https:\/\/www.joergschuerpf.ch\/en\/the-fascial-system\/","og_site_name":"J\u00d6RG SCH\u00dcRPF","article_published_time":"2018-01-09T06:32:33+00:00","article_modified_time":"2018-01-10T13:30:00+00:00","og_image":[{"width":800,"height":533,"url":"https:\/\/www.joergschuerpf.ch\/wp-content\/uploads\/2018\/01\/MG_2624.jpg","path":"\/home\/joergsc1\/public_html\/wp-content\/uploads\/2018\/01\/MG_2624.jpg","size":"full","id":324,"alt":"","pixels":426400,"type":"image\/jpeg"}],"twitter_card":"summary_large_image","twitter_misc":{"Written by":"nrmncl","Est. reading time":"1 minute"},"schema":{"@context":"https:\/\/schema.org","@graph":[{"@type":["Organization","Place"],"@id":"https:\/\/www.joergschuerpf.ch\/#organization","name":"J\u00f6rg Sch\u00fcrpf - Strukturelle Integration - Rolfing\u00ae Shen Shiatsu\u00ae Osteopathie","url":"https:\/\/www.joergschuerpf.ch\/","sameAs":[],"logo":{"@id":"https:\/\/www.joergschuerpf.ch\/en\/the-fascial-system\/#local-main-organization-logo"},"image":{"@id":"https:\/\/www.joergschuerpf.ch\/en\/the-fascial-system\/#local-main-organization-logo"},"openingHoursSpecification":[{"@type":"OpeningHoursSpecification","dayOfWeek":["Monday","Tuesday","Wednesday","Thursday","Friday","Saturday","Sunday"],"opens":"09:00","closes":"17:00"}]},{"@type":"WebSite","@id":"https:\/\/www.joergschuerpf.ch\/#website","url":"https:\/\/www.joergschuerpf.ch\/","name":"J\u00d6RG SCH\u00dcRPF","description":"J\u00d6RG SCH\u00dcRPF","publisher":{"@id":"https:\/\/www.joergschuerpf.ch\/#organization"},"potentialAction":[{"@type":"SearchAction","target":{"@type":"EntryPoint","urlTemplate":"https:\/\/www.joergschuerpf.ch\/?s={search_term_string}"},"query-input":"required name=search_term_string"}],"inLanguage":"en-US"},{"@type":"ImageObject","@id":"https:\/\/www.joergschuerpf.ch\/en\/the-fascial-system\/#primaryimage","inLanguage":"en-US","url":"https:\/\/www.joergschuerpf.ch\/wp-content\/uploads\/2018\/01\/MG_2624.jpg","contentUrl":"https:\/\/www.joergschuerpf.ch\/wp-content\/uploads\/2018\/01\/MG_2624.jpg","width":800,"height":533},{"@type":"WebPage","@id":"https:\/\/www.joergschuerpf.ch\/en\/the-fascial-system\/#webpage","url":"https:\/\/www.joergschuerpf.ch\/en\/the-fascial-system\/","name":"The fascial system &ndash; J\u00d6RG SCH\u00dcRPF","isPartOf":{"@id":"https:\/\/www.joergschuerpf.ch\/#website"},"primaryImageOfPage":{"@id":"https:\/\/www.joergschuerpf.ch\/en\/the-fascial-system\/#primaryimage"},"datePublished":"2018-01-09T06:32:33+00:00","dateModified":"2018-01-10T13:30:00+00:00","breadcrumb":{"@id":"https:\/\/www.joergschuerpf.ch\/en\/the-fascial-system\/#breadcrumb"},"inLanguage":"en-US","potentialAction":[{"@type":"ReadAction","target":["https:\/\/www.joergschuerpf.ch\/en\/the-fascial-system\/"]}]},{"@type":"BreadcrumbList","@id":"https:\/\/www.joergschuerpf.ch\/en\/the-fascial-system\/#breadcrumb","itemListElement":[{"@type":"ListItem","position":1,"name":"Home","item":"https:\/\/www.joergschuerpf.ch\/"},{"@type":"ListItem","position":2,"name":"The fascial system"}]},{"@type":"Article","@id":"https:\/\/www.joergschuerpf.ch\/en\/the-fascial-system\/#article","isPartOf":{"@id":"https:\/\/www.joergschuerpf.ch\/en\/the-fascial-system\/#webpage"},"author":{"@id":"https:\/\/www.joergschuerpf.ch\/#\/schema\/person\/42f0450cf9984bc4bcab1efee200f497"},"headline":"The fascial system","datePublished":"2018-01-09T06:32:33+00:00","dateModified":"2018-01-10T13:30:00+00:00","mainEntityOfPage":{"@id":"https:\/\/www.joergschuerpf.ch\/en\/the-fascial-system\/#webpage"},"wordCount":174,"publisher":{"@id":"https:\/\/www.joergschuerpf.ch\/#organization"},"image":{"@id":"https:\/\/www.joergschuerpf.ch\/en\/the-fascial-system\/#primaryimage"},"thumbnailUrl":"https:\/\/www.joergschuerpf.ch\/wp-content\/uploads\/2018\/01\/MG_2624.jpg","articleSection":["Shen Shiatsu"],"inLanguage":"en-US"},{"@type":"Person","@id":"https:\/\/www.joergschuerpf.ch\/#\/schema\/person\/42f0450cf9984bc4bcab1efee200f497","name":"nrmncl","image":{"@type":"ImageObject","@id":"https:\/\/www.joergschuerpf.ch\/#personlogo","inLanguage":"en-US","url":"https:\/\/www.joergschuerpf.ch\/wp-content\/litespeed\/avatar\/9a731f5d777e48e3fe627b6cbe72a507.jpg?ver=1776745417","contentUrl":"https:\/\/www.joergschuerpf.ch\/wp-content\/litespeed\/avatar\/9a731f5d777e48e3fe627b6cbe72a507.jpg?ver=1776745417","caption":"nrmncl"}},{"@type":"ImageObject","@id":"https:\/\/www.joergschuerpf.ch\/en\/the-fascial-system\/#local-main-organization-logo","inLanguage":"en-US","url":"https:\/\/www.joergschuerpf.ch\/wp-content\/uploads\/2018\/01\/shenshiatsu-1.jpg","contentUrl":"https:\/\/www.joergschuerpf.ch\/wp-content\/uploads\/2018\/01\/shenshiatsu-1.jpg","width":1200,"height":400,"caption":"J\u00f6rg Sch\u00fcrpf - Strukturelle Integration - Rolfing\u00ae Shen Shiatsu\u00ae Osteopathie"}]}},"_links":{"self":[{"href":"https:\/\/www.joergschuerpf.ch\/en\/wp-json\/wp\/v2\/posts\/62"}],"collection":[{"href":"https:\/\/www.joergschuerpf.ch\/en\/wp-json\/wp\/v2\/posts"}],"about":[{"href":"https:\/\/www.joergschuerpf.ch\/en\/wp-json\/wp\/v2\/types\/post"}],"author":[{"embeddable":true,"href":"https:\/\/www.joergschuerpf.ch\/en\/wp-json\/wp\/v2\/users\/1"}],"replies":[{"embeddable":true,"href":"https:\/\/www.joergschuerpf.ch\/en\/wp-json\/wp\/v2\/comments?post=62"}],"version-history":[{"count":0,"href":"https:\/\/www.joergschuerpf.ch\/en\/wp-json\/wp\/v2\/posts\/62\/revisions"}],"wp:featuredmedia":[{"embeddable":true,"href":"https:\/\/www.joergschuerpf.ch\/en\/wp-json\/wp\/v2\/media\/324"}],"wp:attachment":[{"href":"https:\/\/www.joergschuerpf.ch\/en\/wp-json\/wp\/v2\/media?parent=62"}],"wp:term":[{"taxonomy":"category","embeddable":true,"href":"https:\/\/www.joergschuerpf.ch\/en\/wp-json\/wp\/v2\/categories?post=62"},{"taxonomy":"post_tag","embeddable":true,"href":"https:\/\/www.joergschuerpf.ch\/en\/wp-json\/wp\/v2\/tags?post=62"}],"curies":[{"name":"wp","href":"https:\/\/api.w.org\/{rel}","templated":true}]}}