{"id":202,"date":"2018-01-09T08:39:23","date_gmt":"2018-01-09T08:39:23","guid":{"rendered":"http:\/\/www.joergschuerpf.ch\/?p=202"},"modified":"2018-01-09T08:39:23","modified_gmt":"2018-01-09T08:39:23","slug":"mental","status":"publish","type":"post","link":"https:\/\/www.joergschuerpf.ch\/en\/mental\/","title":{"rendered":"Mental"},"content":{"rendered":"<p>Steigerung der Konzentrationsf\u00e4higkeit, Kreativit\u00e4t und Produktivit\u00e4t<\/p>\n<ul>\n<li>Synchronisierung der Gehirnhemisph\u00e4ren<\/li>\n<li>Regulierung der Gehirnwellenfrequenzen<\/li>\n<li>Steigerung der Konzentrationsf\u00e4higkeit, Kreativit\u00e4t und Produktivit\u00e4t<\/li>\n<li>Ausgleich umweltbedingter Reiz\u00fcberflutung<\/li>\n<li>Verlangsamung des Metabolismus<\/li>\n<li>Unterst\u00fctzung von Meditation, Autogenem Training und Superlearning<\/li>\n<li>Regeneration und Tiefenentspannung<\/li>\n<li>Erh\u00f6hte, lang anhaltende Stressresistenz<\/li>\n<\/ul>\n","protected":false},"excerpt":{"rendered":"<p>Steigerung der Konzentrationsf\u00e4higkeit, Kreativit\u00e4t und Produktivit\u00e4t Synchronisierung der Gehirnhemisph\u00e4ren Regulierung der Gehirnwellenfrequenzen Steigerung der Konzentrationsf\u00e4higkeit, Kreativit\u00e4t und Produktivit\u00e4t Ausgleich umweltbedingter Reiz\u00fcberflutung Verlangsamung des Metabolismus Unterst\u00fctzung von Meditation, Autogenem Training und Superlearning Regeneration und Tiefenentspannung Erh\u00f6hte, lang anhaltende Stressresistenz<\/p>\n","protected":false},"author":1,"featured_media":188,"comment_status":"closed","ping_status":"closed","sticky":false,"template":"","format":"standard","meta":{"_monsterinsights_skip_tracking":false,"_monsterinsights_sitenote_active":false,"_monsterinsights_sitenote_note":"","_monsterinsights_sitenote_category":0,"footnotes":""},"categories":[6],"tags":[],"class_list":["post-202","post","type-post","status-publish","format-standard","has-post-thumbnail","hentry","category-floating","category-6","description-off"],"yoast_head":"<!-- This site is optimized with the Yoast SEO Premium plugin v17.2 (Yoast SEO v17.2.1) - https:\/\/yoast.com\/wordpress\/plugins\/seo\/ -->\n<title>Mental &ndash; J\u00d6RG SCH\u00dcRPF<\/title>\n<meta name=\"robots\" content=\"index, follow, max-snippet:-1, max-image-preview:large, max-video-preview:-1\" \/>\n<link rel=\"canonical\" href=\"https:\/\/www.joergschuerpf.ch\/en\/mental\/\" \/>\n<meta property=\"og:locale\" content=\"en_US\" \/>\n<meta property=\"og:type\" content=\"article\" \/>\n<meta property=\"og:title\" content=\"Mental\" \/>\n<meta property=\"og:description\" content=\"Steigerung der Konzentrationsf\u00e4higkeit, Kreativit\u00e4t und Produktivit\u00e4t Synchronisierung der Gehirnhemisph\u00e4ren Regulierung der Gehirnwellenfrequenzen Steigerung der Konzentrationsf\u00e4higkeit, Kreativit\u00e4t und Produktivit\u00e4t Ausgleich umweltbedingter Reiz\u00fcberflutung Verlangsamung des Metabolismus Unterst\u00fctzung von Meditation, Autogenem Training und Superlearning Regeneration und Tiefenentspannung Erh\u00f6hte, lang anhaltende Stressresistenz\" \/>\n<meta property=\"og:url\" content=\"https:\/\/www.joergschuerpf.ch\/en\/mental\/\" \/>\n<meta property=\"og:site_name\" content=\"J\u00d6RG SCH\u00dcRPF\" \/>\n<meta property=\"article:published_time\" content=\"2018-01-09T08:39:23+00:00\" \/>\n<meta property=\"og:image\" content=\"https:\/\/www.joergschuerpf.ch\/wp-content\/uploads\/2018\/01\/Spacefloat2.jpg\" \/>\n\t<meta property=\"og:image:width\" content=\"260\" \/>\n\t<meta property=\"og:image:height\" content=\"390\" \/>\n<meta name=\"twitter:card\" content=\"summary_large_image\" \/>\n<meta name=\"twitter:label1\" content=\"Written by\" \/>\n\t<meta name=\"twitter:data1\" content=\"nrmncl\" \/>\n<script type=\"application\/ld+json\" class=\"yoast-schema-graph\">{\"@context\":\"https:\/\/schema.org\",\"@graph\":[{\"@type\":[\"Organization\",\"Place\"],\"@id\":\"https:\/\/www.joergschuerpf.ch\/#organization\",\"name\":\"J\\u00f6rg Sch\\u00fcrpf - Strukturelle Integration - Rolfing\\u00ae Shen Shiatsu\\u00ae Osteopathie\",\"url\":\"https:\/\/www.joergschuerpf.ch\/\",\"sameAs\":[],\"logo\":{\"@id\":\"https:\/\/www.joergschuerpf.ch\/en\/mental\/#local-main-organization-logo\"},\"image\":{\"@id\":\"https:\/\/www.joergschuerpf.ch\/en\/mental\/#local-main-organization-logo\"},\"openingHoursSpecification\":[{\"@type\":\"OpeningHoursSpecification\",\"dayOfWeek\":[\"Monday\",\"Tuesday\",\"Wednesday\",\"Thursday\",\"Friday\",\"Saturday\",\"Sunday\"],\"opens\":\"09:00\",\"closes\":\"17:00\"}]},{\"@type\":\"WebSite\",\"@id\":\"https:\/\/www.joergschuerpf.ch\/#website\",\"url\":\"https:\/\/www.joergschuerpf.ch\/\",\"name\":\"J\\u00d6RG SCH\\u00dcRPF\",\"description\":\"J\\u00d6RG SCH\\u00dcRPF\",\"publisher\":{\"@id\":\"https:\/\/www.joergschuerpf.ch\/#organization\"},\"potentialAction\":[{\"@type\":\"SearchAction\",\"target\":{\"@type\":\"EntryPoint\",\"urlTemplate\":\"https:\/\/www.joergschuerpf.ch\/?s={search_term_string}\"},\"query-input\":\"required name=search_term_string\"}],\"inLanguage\":\"en-US\"},{\"@type\":\"ImageObject\",\"@id\":\"https:\/\/www.joergschuerpf.ch\/en\/mental\/#primaryimage\",\"inLanguage\":\"en-US\",\"url\":\"https:\/\/www.joergschuerpf.ch\/wp-content\/uploads\/2018\/01\/Spacefloat2.jpg\",\"contentUrl\":\"https:\/\/www.joergschuerpf.ch\/wp-content\/uploads\/2018\/01\/Spacefloat2.jpg\",\"width\":260,\"height\":390},{\"@type\":\"WebPage\",\"@id\":\"https:\/\/www.joergschuerpf.ch\/en\/mental\/#webpage\",\"url\":\"https:\/\/www.joergschuerpf.ch\/en\/mental\/\",\"name\":\"Mental &ndash; J\\u00d6RG SCH\\u00dcRPF\",\"isPartOf\":{\"@id\":\"https:\/\/www.joergschuerpf.ch\/#website\"},\"primaryImageOfPage\":{\"@id\":\"https:\/\/www.joergschuerpf.ch\/en\/mental\/#primaryimage\"},\"datePublished\":\"2018-01-09T08:39:23+00:00\",\"dateModified\":\"2018-01-09T08:39:23+00:00\",\"breadcrumb\":{\"@id\":\"https:\/\/www.joergschuerpf.ch\/en\/mental\/#breadcrumb\"},\"inLanguage\":\"en-US\",\"potentialAction\":[{\"@type\":\"ReadAction\",\"target\":[\"https:\/\/www.joergschuerpf.ch\/en\/mental\/\"]}]},{\"@type\":\"BreadcrumbList\",\"@id\":\"https:\/\/www.joergschuerpf.ch\/en\/mental\/#breadcrumb\",\"itemListElement\":[{\"@type\":\"ListItem\",\"position\":1,\"name\":\"Home\",\"item\":\"https:\/\/www.joergschuerpf.ch\/\"},{\"@type\":\"ListItem\",\"position\":2,\"name\":\"Mental\"}]},{\"@type\":\"Article\",\"@id\":\"https:\/\/www.joergschuerpf.ch\/en\/mental\/#article\",\"isPartOf\":{\"@id\":\"https:\/\/www.joergschuerpf.ch\/en\/mental\/#webpage\"},\"author\":{\"@id\":\"https:\/\/www.joergschuerpf.ch\/#\/schema\/person\/42f0450cf9984bc4bcab1efee200f497\"},\"headline\":\"Mental\",\"datePublished\":\"2018-01-09T08:39:23+00:00\",\"dateModified\":\"2018-01-09T08:39:23+00:00\",\"mainEntityOfPage\":{\"@id\":\"https:\/\/www.joergschuerpf.ch\/en\/mental\/#webpage\"},\"wordCount\":49,\"publisher\":{\"@id\":\"https:\/\/www.joergschuerpf.ch\/#organization\"},\"image\":{\"@id\":\"https:\/\/www.joergschuerpf.ch\/en\/mental\/#primaryimage\"},\"thumbnailUrl\":\"https:\/\/www.joergschuerpf.ch\/wp-content\/uploads\/2018\/01\/Spacefloat2.jpg\",\"articleSection\":[\"Floating\"],\"inLanguage\":\"en-US\"},{\"@type\":\"Person\",\"@id\":\"https:\/\/www.joergschuerpf.ch\/#\/schema\/person\/42f0450cf9984bc4bcab1efee200f497\",\"name\":\"nrmncl\",\"image\":{\"@type\":\"ImageObject\",\"@id\":\"https:\/\/www.joergschuerpf.ch\/#personlogo\",\"inLanguage\":\"en-US\",\"url\":\"https:\/\/www.joergschuerpf.ch\/wp-content\/litespeed\/avatar\/9a731f5d777e48e3fe627b6cbe72a507.jpg?ver=1776745417\",\"contentUrl\":\"https:\/\/www.joergschuerpf.ch\/wp-content\/litespeed\/avatar\/9a731f5d777e48e3fe627b6cbe72a507.jpg?ver=1776745417\",\"caption\":\"nrmncl\"}},{\"@type\":\"ImageObject\",\"@id\":\"https:\/\/www.joergschuerpf.ch\/en\/mental\/#local-main-organization-logo\",\"inLanguage\":\"en-US\",\"url\":\"https:\/\/www.joergschuerpf.ch\/wp-content\/uploads\/2018\/01\/shenshiatsu-1.jpg\",\"contentUrl\":\"https:\/\/www.joergschuerpf.ch\/wp-content\/uploads\/2018\/01\/shenshiatsu-1.jpg\",\"width\":1200,\"height\":400,\"caption\":\"J\\u00f6rg Sch\\u00fcrpf - Strukturelle Integration - Rolfing\\u00ae Shen Shiatsu\\u00ae Osteopathie\"}]}<\/script>\n<!-- \/ Yoast SEO Premium plugin. -->","yoast_head_json":{"title":"Mental &ndash; J\u00d6RG SCH\u00dcRPF","robots":{"index":"index","follow":"follow","max-snippet":"max-snippet:-1","max-image-preview":"max-image-preview:large","max-video-preview":"max-video-preview:-1"},"canonical":"https:\/\/www.joergschuerpf.ch\/en\/mental\/","og_locale":"en_US","og_type":"article","og_title":"Mental","og_description":"Steigerung der Konzentrationsf\u00e4higkeit, Kreativit\u00e4t und Produktivit\u00e4t Synchronisierung der Gehirnhemisph\u00e4ren Regulierung der Gehirnwellenfrequenzen Steigerung der Konzentrationsf\u00e4higkeit, Kreativit\u00e4t und Produktivit\u00e4t Ausgleich umweltbedingter Reiz\u00fcberflutung Verlangsamung des Metabolismus Unterst\u00fctzung von Meditation, Autogenem Training und Superlearning Regeneration und Tiefenentspannung Erh\u00f6hte, lang anhaltende Stressresistenz","og_url":"https:\/\/www.joergschuerpf.ch\/en\/mental\/","og_site_name":"J\u00d6RG SCH\u00dcRPF","article_published_time":"2018-01-09T08:39:23+00:00","og_image":[{"width":260,"height":390,"url":"https:\/\/www.joergschuerpf.ch\/wp-content\/uploads\/2018\/01\/Spacefloat2.jpg","path":"\/home\/joergsc1\/public_html\/wp-content\/uploads\/2018\/01\/Spacefloat2.jpg","size":"full","id":188,"alt":"","pixels":101400,"type":"image\/jpeg"}],"twitter_card":"summary_large_image","twitter_misc":{"Written by":"nrmncl"},"schema":{"@context":"https:\/\/schema.org","@graph":[{"@type":["Organization","Place"],"@id":"https:\/\/www.joergschuerpf.ch\/#organization","name":"J\u00f6rg Sch\u00fcrpf - Strukturelle Integration - Rolfing\u00ae Shen Shiatsu\u00ae Osteopathie","url":"https:\/\/www.joergschuerpf.ch\/","sameAs":[],"logo":{"@id":"https:\/\/www.joergschuerpf.ch\/en\/mental\/#local-main-organization-logo"},"image":{"@id":"https:\/\/www.joergschuerpf.ch\/en\/mental\/#local-main-organization-logo"},"openingHoursSpecification":[{"@type":"OpeningHoursSpecification","dayOfWeek":["Monday","Tuesday","Wednesday","Thursday","Friday","Saturday","Sunday"],"opens":"09:00","closes":"17:00"}]},{"@type":"WebSite","@id":"https:\/\/www.joergschuerpf.ch\/#website","url":"https:\/\/www.joergschuerpf.ch\/","name":"J\u00d6RG SCH\u00dcRPF","description":"J\u00d6RG SCH\u00dcRPF","publisher":{"@id":"https:\/\/www.joergschuerpf.ch\/#organization"},"potentialAction":[{"@type":"SearchAction","target":{"@type":"EntryPoint","urlTemplate":"https:\/\/www.joergschuerpf.ch\/?s={search_term_string}"},"query-input":"required name=search_term_string"}],"inLanguage":"en-US"},{"@type":"ImageObject","@id":"https:\/\/www.joergschuerpf.ch\/en\/mental\/#primaryimage","inLanguage":"en-US","url":"https:\/\/www.joergschuerpf.ch\/wp-content\/uploads\/2018\/01\/Spacefloat2.jpg","contentUrl":"https:\/\/www.joergschuerpf.ch\/wp-content\/uploads\/2018\/01\/Spacefloat2.jpg","width":260,"height":390},{"@type":"WebPage","@id":"https:\/\/www.joergschuerpf.ch\/en\/mental\/#webpage","url":"https:\/\/www.joergschuerpf.ch\/en\/mental\/","name":"Mental &ndash; J\u00d6RG SCH\u00dcRPF","isPartOf":{"@id":"https:\/\/www.joergschuerpf.ch\/#website"},"primaryImageOfPage":{"@id":"https:\/\/www.joergschuerpf.ch\/en\/mental\/#primaryimage"},"datePublished":"2018-01-09T08:39:23+00:00","dateModified":"2018-01-09T08:39:23+00:00","breadcrumb":{"@id":"https:\/\/www.joergschuerpf.ch\/en\/mental\/#breadcrumb"},"inLanguage":"en-US","potentialAction":[{"@type":"ReadAction","target":["https:\/\/www.joergschuerpf.ch\/en\/mental\/"]}]},{"@type":"BreadcrumbList","@id":"https:\/\/www.joergschuerpf.ch\/en\/mental\/#breadcrumb","itemListElement":[{"@type":"ListItem","position":1,"name":"Home","item":"https:\/\/www.joergschuerpf.ch\/"},{"@type":"ListItem","position":2,"name":"Mental"}]},{"@type":"Article","@id":"https:\/\/www.joergschuerpf.ch\/en\/mental\/#article","isPartOf":{"@id":"https:\/\/www.joergschuerpf.ch\/en\/mental\/#webpage"},"author":{"@id":"https:\/\/www.joergschuerpf.ch\/#\/schema\/person\/42f0450cf9984bc4bcab1efee200f497"},"headline":"Mental","datePublished":"2018-01-09T08:39:23+00:00","dateModified":"2018-01-09T08:39:23+00:00","mainEntityOfPage":{"@id":"https:\/\/www.joergschuerpf.ch\/en\/mental\/#webpage"},"wordCount":49,"publisher":{"@id":"https:\/\/www.joergschuerpf.ch\/#organization"},"image":{"@id":"https:\/\/www.joergschuerpf.ch\/en\/mental\/#primaryimage"},"thumbnailUrl":"https:\/\/www.joergschuerpf.ch\/wp-content\/uploads\/2018\/01\/Spacefloat2.jpg","articleSection":["Floating"],"inLanguage":"en-US"},{"@type":"Person","@id":"https:\/\/www.joergschuerpf.ch\/#\/schema\/person\/42f0450cf9984bc4bcab1efee200f497","name":"nrmncl","image":{"@type":"ImageObject","@id":"https:\/\/www.joergschuerpf.ch\/#personlogo","inLanguage":"en-US","url":"https:\/\/www.joergschuerpf.ch\/wp-content\/litespeed\/avatar\/9a731f5d777e48e3fe627b6cbe72a507.jpg?ver=1776745417","contentUrl":"https:\/\/www.joergschuerpf.ch\/wp-content\/litespeed\/avatar\/9a731f5d777e48e3fe627b6cbe72a507.jpg?ver=1776745417","caption":"nrmncl"}},{"@type":"ImageObject","@id":"https:\/\/www.joergschuerpf.ch\/en\/mental\/#local-main-organization-logo","inLanguage":"en-US","url":"https:\/\/www.joergschuerpf.ch\/wp-content\/uploads\/2018\/01\/shenshiatsu-1.jpg","contentUrl":"https:\/\/www.joergschuerpf.ch\/wp-content\/uploads\/2018\/01\/shenshiatsu-1.jpg","width":1200,"height":400,"caption":"J\u00f6rg Sch\u00fcrpf - Strukturelle Integration - Rolfing\u00ae Shen Shiatsu\u00ae Osteopathie"}]}},"_links":{"self":[{"href":"https:\/\/www.joergschuerpf.ch\/en\/wp-json\/wp\/v2\/posts\/202"}],"collection":[{"href":"https:\/\/www.joergschuerpf.ch\/en\/wp-json\/wp\/v2\/posts"}],"about":[{"href":"https:\/\/www.joergschuerpf.ch\/en\/wp-json\/wp\/v2\/types\/post"}],"author":[{"embeddable":true,"href":"https:\/\/www.joergschuerpf.ch\/en\/wp-json\/wp\/v2\/users\/1"}],"replies":[{"embeddable":true,"href":"https:\/\/www.joergschuerpf.ch\/en\/wp-json\/wp\/v2\/comments?post=202"}],"version-history":[{"count":0,"href":"https:\/\/www.joergschuerpf.ch\/en\/wp-json\/wp\/v2\/posts\/202\/revisions"}],"wp:featuredmedia":[{"embeddable":true,"href":"https:\/\/www.joergschuerpf.ch\/en\/wp-json\/wp\/v2\/media\/188"}],"wp:attachment":[{"href":"https:\/\/www.joergschuerpf.ch\/en\/wp-json\/wp\/v2\/media?parent=202"}],"wp:term":[{"taxonomy":"category","embeddable":true,"href":"https:\/\/www.joergschuerpf.ch\/en\/wp-json\/wp\/v2\/categories?post=202"},{"taxonomy":"post_tag","embeddable":true,"href":"https:\/\/www.joergschuerpf.ch\/en\/wp-json\/wp\/v2\/tags?post=202"}],"curies":[{"name":"wp","href":"https:\/\/api.w.org\/{rel}","templated":true}]}}